{"id":3584,"date":"2024-09-04T12:57:05","date_gmt":"2024-09-04T11:57:05","guid":{"rendered":"https:\/\/www.muboma.com\/setmana-i-fira-modernista-dalcoi-en-el-muboma\/"},"modified":"2024-09-04T12:57:05","modified_gmt":"2024-09-04T11:57:05","slug":"setmana-i-fira-modernista-dalcoi-en-el-muboma","status":"publish","type":"post","link":"https:\/\/muboma.com\/ca\/setmana-i-fira-modernista-dalcoi-en-el-muboma\/","title":{"rendered":"Setmana i Fira Modernista d&#8217;Alcoi al MuBoma"},"content":{"rendered":"<p>Un any m\u00e9s el MuBoma s&#8217;uneix a celebra la <em>Setmana i Fira Modernista<\/em> d&#8217;Alcoi a la setena edici\u00f3. Aquest any dedicada a la figura Gonzalo Cant\u00f3, escriptor il\u00b7lustre de la ciutat. A les activitats que proposem per als nostres visitants unirem aquesta personalitat liter\u00e0ria amb el coneixement del Museu del Consorci Provincial de Bombers, tant del propi edifici (que era una important f\u00e0brica en \u00e8poca modernista) com de la professi\u00f3 dels bombers en aquells temps. Tindrem quatre dies de portes obertes al museu ia m\u00e9s, el muBoma estar\u00e0 present a la Fira Modernista del parc de la Glorieta.<img decoding=\"async\" class=\"aligncenter wp-image-3563 lazyload\" data-src=\"https:\/\/muboma.com\/wp-content\/uploads\/SetmanaModernista.png\" alt=\"\" width=\"648\" height=\"916\" src=\"data:image\/svg+xml;base64,PHN2ZyB3aWR0aD0iMSIgaGVpZ2h0PSIxIiB4bWxucz0iaHR0cDovL3d3dy53My5vcmcvMjAwMC9zdmciPjwvc3ZnPg==\" style=\"--smush-placeholder-width: 648px; --smush-placeholder-aspect-ratio: 648\/916;\"> Els <strong>diumenges 15 i 29 de setembre<\/strong> , hi haur\u00e0 dues jornades de portes obertes al MuBoma amb la Visita Teatralitzada <strong>&#8220;Fabricant una sarsuela&#8221;<\/strong> a les 11:15 hores ia les 12:45 hores. En qu\u00e8 parlarem del vessant de Gonzalo Cant\u00f3 com a escriptor de sarsueles. Per als m\u00e9s petits el <strong>diumenge 22 de setembre<\/strong> en una jornada de portes obertes, es realitzar\u00e0 a les 11.15 i 12.45 el <strong>taller infantil \u201cPoesies modernistes de Bombers\u201d.<\/strong> Un taller per con\u00e8ixer la hist\u00f2ria dels bombers i f\u00e0briques d&#8217;Alcoi. Els nens i les nenes que ho desitgin poden venir vestits d&#8217;\u00e8poca modernista. Tamb\u00e9 el <strong>dissabte 28 de setembre<\/strong> tindrem una jornada de <strong>portes obertes<\/strong> amb entrada gratu\u00efta i obertura extraordin\u00e0ria: de 10 a 14h. i de 16 a 18h. perqu\u00e8 tots els visitants puguin con\u00e8ixer el Museu Provincial de Bombers. Ja a la Setmana Modernista, la vista teatralitzada \u201cFabricant una sarsuela\u201d estar\u00e0 disponible per a tots els centres educatius que ho desitgin la setmana del dilluns 23 al divendres 27 en horari lectiu. Amb un preu de 1,50\u20ac per alumne. I durant el cap de setmana del dissabte 28 i diumenge 29 ens trobareu en un estand informatiu al Parc de la Glorieta on a m\u00e9s tindrem una zona de tallers infantils: \u201cPoesies modernistes de Bombers\u201d.              <\/p>\n<p style=\"text-align: center;\">Per a totes les activitats al museu la inscripci\u00f3 \u00e9s obligat\u00f2ria amb antelaci\u00f3: <a href=\"mailto:visitas@muboma.com\/965544418\">visitas@muboma.com\/965544418<\/a> .<\/p>\n<p><img decoding=\"async\" class=\"aligncenter wp-image-3578 lazyload\" data-src=\"https:\/\/muboma.com\/wp-content\/uploads\/20190920_120051-scaled.jpg\" alt=\"\" width=\"584\" height=\"438\" src=\"data:image\/svg+xml;base64,PHN2ZyB3aWR0aD0iMSIgaGVpZ2h0PSIxIiB4bWxucz0iaHR0cDovL3d3dy53My5vcmcvMjAwMC9zdmciPjwvc3ZnPg==\" style=\"--smush-placeholder-width: 584px; --smush-placeholder-aspect-ratio: 584\/438;\"><\/p>\n","protected":false},"excerpt":{"rendered":"<p>Un any m\u00e9s el MuBoma s&#8217;uneix a celebra la Setmana i Fira Modernista d&#8217;Alcoi a la setena edici\u00f3. Aquest any dedicada a la figura Gonzalo Cant\u00f3, escriptor il\u00b7lustre de la ciutat. A les activitats que proposem per als nostres visitants unirem aquesta personalitat liter\u00e0ria amb el coneixement del Museu del Consorci Provincial de Bombers, tant [&hellip;]<\/p>\n","protected":false},"author":2,"featured_media":3567,"comment_status":"closed","ping_status":"open","sticky":false,"template":"","format":"standard","meta":{"_et_pb_use_builder":"","_et_pb_old_content":"","_et_gb_content_width":"","footnotes":""},"categories":[21,25],"tags":[],"class_list":["post-3584","post","type-post","status-publish","format-standard","has-post-thumbnail","hentry","category-activitats","category-noticies-ca"],"yoast_head":"<!-- This site is optimized with the Yoast SEO plugin v24.1 - https:\/\/yoast.com\/wordpress\/plugins\/seo\/ -->\n<title>Setmana i Fira Modernista d&#039;Alcoi al MuBoma<\/title>\n<meta name=\"robots\" content=\"index, follow, max-snippet:-1, max-image-preview:large, max-video-preview:-1\" \/>\n<link rel=\"canonical\" href=\"https:\/\/muboma.com\/ca\/setmana-i-fira-modernista-dalcoi-en-el-muboma\/\" \/>\n<meta property=\"og:locale\" content=\"ca_ES\" \/>\n<meta property=\"og:type\" content=\"article\" \/>\n<meta property=\"og:title\" content=\"Setmana i Fira Modernista d&#039;Alcoi al MuBoma\" \/>\n<meta property=\"og:description\" content=\"Un any m\u00e9s el MuBoma s&#8217;uneix a celebra la Setmana i Fira Modernista d&#8217;Alcoi a la setena edici\u00f3. Aquest any dedicada a la figura Gonzalo Cant\u00f3, escriptor il\u00b7lustre de la ciutat. A les activitats que proposem per als nostres visitants unirem aquesta personalitat liter\u00e0ria amb el coneixement del Museu del Consorci Provincial de Bombers, tant [&hellip;]\" \/>\n<meta property=\"og:url\" content=\"https:\/\/muboma.com\/ca\/setmana-i-fira-modernista-dalcoi-en-el-muboma\/\" \/>\n<meta property=\"og:site_name\" content=\"MUBOMA\" \/>\n<meta property=\"article:publisher\" content=\"https:\/\/www.facebook.com\/MUBOMA\/\" \/>\n<meta property=\"article:published_time\" content=\"2024-09-04T11:57:05+00:00\" \/>\n<meta property=\"og:image\" content=\"https:\/\/muboma.com\/wp-content\/uploads\/20230923_091509-scaled-e1725449225456.jpg\" \/>\n\t<meta property=\"og:image:width\" content=\"2560\" \/>\n\t<meta property=\"og:image:height\" content=\"2560\" \/>\n\t<meta property=\"og:image:type\" content=\"image\/jpeg\" \/>\n<meta name=\"author\" content=\"Museo Muboma\" \/>\n<meta name=\"twitter:card\" content=\"summary_large_image\" \/>\n<meta name=\"twitter:creator\" content=\"@MUBOMA\" \/>\n<meta name=\"twitter:site\" content=\"@MUBOMA\" \/>\n<meta name=\"twitter:label1\" content=\"Escrit per\" \/>\n\t<meta name=\"twitter:data1\" content=\"Museo Muboma\" \/>\n\t<meta name=\"twitter:label2\" content=\"Temps estimat de lectura\" \/>\n\t<meta name=\"twitter:data2\" content=\"2 minuts\" \/>\n<script type=\"application\/ld+json\" class=\"yoast-schema-graph\">{\"@context\":\"https:\/\/schema.org\",\"@graph\":[{\"@type\":\"Article\",\"@id\":\"https:\/\/muboma.com\/ca\/setmana-i-fira-modernista-dalcoi-en-el-muboma\/#article\",\"isPartOf\":{\"@id\":\"https:\/\/muboma.com\/ca\/setmana-i-fira-modernista-dalcoi-en-el-muboma\/\"},\"author\":{\"name\":\"Museo Muboma\",\"@id\":\"https:\/\/muboma.com\/#\/schema\/person\/1d229d25d574aaf155e912df6511531d\"},\"headline\":\"Setmana i Fira Modernista d&#8217;Alcoi al MuBoma\",\"datePublished\":\"2024-09-04T11:57:05+00:00\",\"dateModified\":\"2024-09-04T11:57:05+00:00\",\"mainEntityOfPage\":{\"@id\":\"https:\/\/muboma.com\/ca\/setmana-i-fira-modernista-dalcoi-en-el-muboma\/\"},\"wordCount\":332,\"publisher\":{\"@id\":\"https:\/\/muboma.com\/#organization\"},\"image\":{\"@id\":\"https:\/\/muboma.com\/ca\/setmana-i-fira-modernista-dalcoi-en-el-muboma\/#primaryimage\"},\"thumbnailUrl\":\"https:\/\/muboma.com\/wp-content\/uploads\/20230923_091509-scaled-e1725449225456.jpg\",\"articleSection\":[\"Activitats\",\"Not\u00edcies\"],\"inLanguage\":\"ca\"},{\"@type\":\"WebPage\",\"@id\":\"https:\/\/muboma.com\/ca\/setmana-i-fira-modernista-dalcoi-en-el-muboma\/\",\"url\":\"https:\/\/muboma.com\/ca\/setmana-i-fira-modernista-dalcoi-en-el-muboma\/\",\"name\":\"Setmana i Fira Modernista d'Alcoi al MuBoma\",\"isPartOf\":{\"@id\":\"https:\/\/muboma.com\/#website\"},\"primaryImageOfPage\":{\"@id\":\"https:\/\/muboma.com\/ca\/setmana-i-fira-modernista-dalcoi-en-el-muboma\/#primaryimage\"},\"image\":{\"@id\":\"https:\/\/muboma.com\/ca\/setmana-i-fira-modernista-dalcoi-en-el-muboma\/#primaryimage\"},\"thumbnailUrl\":\"https:\/\/muboma.com\/wp-content\/uploads\/20230923_091509-scaled-e1725449225456.jpg\",\"datePublished\":\"2024-09-04T11:57:05+00:00\",\"dateModified\":\"2024-09-04T11:57:05+00:00\",\"breadcrumb\":{\"@id\":\"https:\/\/muboma.com\/ca\/setmana-i-fira-modernista-dalcoi-en-el-muboma\/#breadcrumb\"},\"inLanguage\":\"ca\",\"potentialAction\":[{\"@type\":\"ReadAction\",\"target\":[\"https:\/\/muboma.com\/ca\/setmana-i-fira-modernista-dalcoi-en-el-muboma\/\"]}]},{\"@type\":\"ImageObject\",\"inLanguage\":\"ca\",\"@id\":\"https:\/\/muboma.com\/ca\/setmana-i-fira-modernista-dalcoi-en-el-muboma\/#primaryimage\",\"url\":\"https:\/\/muboma.com\/wp-content\/uploads\/20230923_091509-scaled-e1725449225456.jpg\",\"contentUrl\":\"https:\/\/muboma.com\/wp-content\/uploads\/20230923_091509-scaled-e1725449225456.jpg\",\"width\":2560,\"height\":2560},{\"@type\":\"BreadcrumbList\",\"@id\":\"https:\/\/muboma.com\/ca\/setmana-i-fira-modernista-dalcoi-en-el-muboma\/#breadcrumb\",\"itemListElement\":[{\"@type\":\"ListItem\",\"position\":1,\"name\":\"Portada\",\"item\":\"https:\/\/muboma.com\/ca\/\"},{\"@type\":\"ListItem\",\"position\":2,\"name\":\"Setmana i Fira Modernista d&#8217;Alcoi al MuBoma\"}]},{\"@type\":\"WebSite\",\"@id\":\"https:\/\/muboma.com\/#website\",\"url\":\"https:\/\/muboma.com\/\",\"name\":\"MUBOMA\",\"description\":\"Museo de Bomberos del Consorcio Provincial de Alicante\",\"publisher\":{\"@id\":\"https:\/\/muboma.com\/#organization\"},\"potentialAction\":[{\"@type\":\"SearchAction\",\"target\":{\"@type\":\"EntryPoint\",\"urlTemplate\":\"https:\/\/muboma.com\/?s={search_term_string}\"},\"query-input\":{\"@type\":\"PropertyValueSpecification\",\"valueRequired\":true,\"valueName\":\"search_term_string\"}}],\"inLanguage\":\"ca\"},{\"@type\":\"Organization\",\"@id\":\"https:\/\/muboma.com\/#organization\",\"name\":\"MUBOMA\",\"url\":\"https:\/\/muboma.com\/\",\"logo\":{\"@type\":\"ImageObject\",\"inLanguage\":\"ca\",\"@id\":\"https:\/\/muboma.com\/#\/schema\/logo\/image\/\",\"url\":\"https:\/\/muboma.com\/wp-content\/uploads\/logo-muboma-1.png\",\"contentUrl\":\"https:\/\/muboma.com\/wp-content\/uploads\/logo-muboma-1.png\",\"width\":197,\"height\":48,\"caption\":\"MUBOMA\"},\"image\":{\"@id\":\"https:\/\/muboma.com\/#\/schema\/logo\/image\/\"},\"sameAs\":[\"https:\/\/www.facebook.com\/MUBOMA\/\",\"https:\/\/x.com\/MUBOMA\",\"https:\/\/www.instagram.com\/muboma_museo_bomberos\/\",\"https:\/\/www.youtube.com\/user\/MuseoMuboma\"]},{\"@type\":\"Person\",\"@id\":\"https:\/\/muboma.com\/#\/schema\/person\/1d229d25d574aaf155e912df6511531d\",\"name\":\"Museo Muboma\",\"image\":{\"@type\":\"ImageObject\",\"inLanguage\":\"ca\",\"@id\":\"https:\/\/muboma.com\/#\/schema\/person\/image\/\",\"url\":\"https:\/\/secure.gravatar.com\/avatar\/2d3d929d78d35e368787118e6e84d150?s=96&d=mm&r=g\",\"contentUrl\":\"https:\/\/secure.gravatar.com\/avatar\/2d3d929d78d35e368787118e6e84d150?s=96&d=mm&r=g\",\"caption\":\"Museo Muboma\"},\"url\":\"https:\/\/muboma.com\/ca\/author\/abel\/\"}]}<\/script>\n<!-- \/ Yoast SEO plugin. -->","yoast_head_json":{"title":"Setmana i Fira Modernista d'Alcoi al MuBoma","robots":{"index":"index","follow":"follow","max-snippet":"max-snippet:-1","max-image-preview":"max-image-preview:large","max-video-preview":"max-video-preview:-1"},"canonical":"https:\/\/muboma.com\/ca\/setmana-i-fira-modernista-dalcoi-en-el-muboma\/","og_locale":"ca_ES","og_type":"article","og_title":"Setmana i Fira Modernista d'Alcoi al MuBoma","og_description":"Un any m\u00e9s el MuBoma s&#8217;uneix a celebra la Setmana i Fira Modernista d&#8217;Alcoi a la setena edici\u00f3. Aquest any dedicada a la figura Gonzalo Cant\u00f3, escriptor il\u00b7lustre de la ciutat. A les activitats que proposem per als nostres visitants unirem aquesta personalitat liter\u00e0ria amb el coneixement del Museu del Consorci Provincial de Bombers, tant [&hellip;]","og_url":"https:\/\/muboma.com\/ca\/setmana-i-fira-modernista-dalcoi-en-el-muboma\/","og_site_name":"MUBOMA","article_publisher":"https:\/\/www.facebook.com\/MUBOMA\/","article_published_time":"2024-09-04T11:57:05+00:00","og_image":[{"width":2560,"height":2560,"url":"https:\/\/muboma.com\/wp-content\/uploads\/20230923_091509-scaled-e1725449225456.jpg","type":"image\/jpeg"}],"author":"Museo Muboma","twitter_card":"summary_large_image","twitter_creator":"@MUBOMA","twitter_site":"@MUBOMA","twitter_misc":{"Escrit per":"Museo Muboma","Temps estimat de lectura":"2 minuts"},"schema":{"@context":"https:\/\/schema.org","@graph":[{"@type":"Article","@id":"https:\/\/muboma.com\/ca\/setmana-i-fira-modernista-dalcoi-en-el-muboma\/#article","isPartOf":{"@id":"https:\/\/muboma.com\/ca\/setmana-i-fira-modernista-dalcoi-en-el-muboma\/"},"author":{"name":"Museo Muboma","@id":"https:\/\/muboma.com\/#\/schema\/person\/1d229d25d574aaf155e912df6511531d"},"headline":"Setmana i Fira Modernista d&#8217;Alcoi al MuBoma","datePublished":"2024-09-04T11:57:05+00:00","dateModified":"2024-09-04T11:57:05+00:00","mainEntityOfPage":{"@id":"https:\/\/muboma.com\/ca\/setmana-i-fira-modernista-dalcoi-en-el-muboma\/"},"wordCount":332,"publisher":{"@id":"https:\/\/muboma.com\/#organization"},"image":{"@id":"https:\/\/muboma.com\/ca\/setmana-i-fira-modernista-dalcoi-en-el-muboma\/#primaryimage"},"thumbnailUrl":"https:\/\/muboma.com\/wp-content\/uploads\/20230923_091509-scaled-e1725449225456.jpg","articleSection":["Activitats","Not\u00edcies"],"inLanguage":"ca"},{"@type":"WebPage","@id":"https:\/\/muboma.com\/ca\/setmana-i-fira-modernista-dalcoi-en-el-muboma\/","url":"https:\/\/muboma.com\/ca\/setmana-i-fira-modernista-dalcoi-en-el-muboma\/","name":"Setmana i Fira Modernista d'Alcoi al MuBoma","isPartOf":{"@id":"https:\/\/muboma.com\/#website"},"primaryImageOfPage":{"@id":"https:\/\/muboma.com\/ca\/setmana-i-fira-modernista-dalcoi-en-el-muboma\/#primaryimage"},"image":{"@id":"https:\/\/muboma.com\/ca\/setmana-i-fira-modernista-dalcoi-en-el-muboma\/#primaryimage"},"thumbnailUrl":"https:\/\/muboma.com\/wp-content\/uploads\/20230923_091509-scaled-e1725449225456.jpg","datePublished":"2024-09-04T11:57:05+00:00","dateModified":"2024-09-04T11:57:05+00:00","breadcrumb":{"@id":"https:\/\/muboma.com\/ca\/setmana-i-fira-modernista-dalcoi-en-el-muboma\/#breadcrumb"},"inLanguage":"ca","potentialAction":[{"@type":"ReadAction","target":["https:\/\/muboma.com\/ca\/setmana-i-fira-modernista-dalcoi-en-el-muboma\/"]}]},{"@type":"ImageObject","inLanguage":"ca","@id":"https:\/\/muboma.com\/ca\/setmana-i-fira-modernista-dalcoi-en-el-muboma\/#primaryimage","url":"https:\/\/muboma.com\/wp-content\/uploads\/20230923_091509-scaled-e1725449225456.jpg","contentUrl":"https:\/\/muboma.com\/wp-content\/uploads\/20230923_091509-scaled-e1725449225456.jpg","width":2560,"height":2560},{"@type":"BreadcrumbList","@id":"https:\/\/muboma.com\/ca\/setmana-i-fira-modernista-dalcoi-en-el-muboma\/#breadcrumb","itemListElement":[{"@type":"ListItem","position":1,"name":"Portada","item":"https:\/\/muboma.com\/ca\/"},{"@type":"ListItem","position":2,"name":"Setmana i Fira Modernista d&#8217;Alcoi al MuBoma"}]},{"@type":"WebSite","@id":"https:\/\/muboma.com\/#website","url":"https:\/\/muboma.com\/","name":"MUBOMA","description":"Museo de Bomberos del Consorcio Provincial de Alicante","publisher":{"@id":"https:\/\/muboma.com\/#organization"},"potentialAction":[{"@type":"SearchAction","target":{"@type":"EntryPoint","urlTemplate":"https:\/\/muboma.com\/?s={search_term_string}"},"query-input":{"@type":"PropertyValueSpecification","valueRequired":true,"valueName":"search_term_string"}}],"inLanguage":"ca"},{"@type":"Organization","@id":"https:\/\/muboma.com\/#organization","name":"MUBOMA","url":"https:\/\/muboma.com\/","logo":{"@type":"ImageObject","inLanguage":"ca","@id":"https:\/\/muboma.com\/#\/schema\/logo\/image\/","url":"https:\/\/muboma.com\/wp-content\/uploads\/logo-muboma-1.png","contentUrl":"https:\/\/muboma.com\/wp-content\/uploads\/logo-muboma-1.png","width":197,"height":48,"caption":"MUBOMA"},"image":{"@id":"https:\/\/muboma.com\/#\/schema\/logo\/image\/"},"sameAs":["https:\/\/www.facebook.com\/MUBOMA\/","https:\/\/x.com\/MUBOMA","https:\/\/www.instagram.com\/muboma_museo_bomberos\/","https:\/\/www.youtube.com\/user\/MuseoMuboma"]},{"@type":"Person","@id":"https:\/\/muboma.com\/#\/schema\/person\/1d229d25d574aaf155e912df6511531d","name":"Museo Muboma","image":{"@type":"ImageObject","inLanguage":"ca","@id":"https:\/\/muboma.com\/#\/schema\/person\/image\/","url":"https:\/\/secure.gravatar.com\/avatar\/2d3d929d78d35e368787118e6e84d150?s=96&d=mm&r=g","contentUrl":"https:\/\/secure.gravatar.com\/avatar\/2d3d929d78d35e368787118e6e84d150?s=96&d=mm&r=g","caption":"Museo Muboma"},"url":"https:\/\/muboma.com\/ca\/author\/abel\/"}]}},"_links":{"self":[{"href":"https:\/\/muboma.com\/ca\/wp-json\/wp\/v2\/posts\/3584","targetHints":{"allow":["GET"]}}],"collection":[{"href":"https:\/\/muboma.com\/ca\/wp-json\/wp\/v2\/posts"}],"about":[{"href":"https:\/\/muboma.com\/ca\/wp-json\/wp\/v2\/types\/post"}],"author":[{"embeddable":true,"href":"https:\/\/muboma.com\/ca\/wp-json\/wp\/v2\/users\/2"}],"replies":[{"embeddable":true,"href":"https:\/\/muboma.com\/ca\/wp-json\/wp\/v2\/comments?post=3584"}],"version-history":[{"count":0,"href":"https:\/\/muboma.com\/ca\/wp-json\/wp\/v2\/posts\/3584\/revisions"}],"wp:featuredmedia":[{"embeddable":true,"href":"https:\/\/muboma.com\/ca\/wp-json\/wp\/v2\/media\/3567"}],"wp:attachment":[{"href":"https:\/\/muboma.com\/ca\/wp-json\/wp\/v2\/media?parent=3584"}],"wp:term":[{"taxonomy":"category","embeddable":true,"href":"https:\/\/muboma.com\/ca\/wp-json\/wp\/v2\/categories?post=3584"},{"taxonomy":"post_tag","embeddable":true,"href":"https:\/\/muboma.com\/ca\/wp-json\/wp\/v2\/tags?post=3584"}],"curies":[{"name":"wp","href":"https:\/\/api.w.org\/{rel}","templated":true}]}}