{"id":3708,"date":"2025-03-05T13:15:14","date_gmt":"2025-03-05T12:15:14","guid":{"rendered":"https:\/\/muboma.com\/?p=3708"},"modified":"2025-03-05T13:32:38","modified_gmt":"2025-03-05T12:32:38","slug":"portes-obertes-febrer","status":"publish","type":"post","link":"https:\/\/muboma.com\/ca\/portes-obertes-febrer\/","title":{"rendered":"Portes obertes mar\u00e7"},"content":{"rendered":"<h1 style=\"text-align: center;\">Portes obertes mar\u00e7<\/h1>\n<p>El mes de mar\u00e7 est\u00e0 ple d&#8217;activitats al Museu del Consorci Provincial de Bombers.<\/p>\n<p><br data-start=\"81\" data-end=\"84\" \/>Per a comen\u00e7ar, el muBoma us presenta dues jornades de portes obertes en qu\u00e8 podreu con\u00e9ixer el museu i passar-ho molt b\u00e9 en fam\u00edlia. Seguint amb la tem\u00e0tica dels quatre elements, aquest mes s&#8217;ha dedicat a la terra.<\/p>\n<p><br data-start=\"299\" data-end=\"302\" \/>El diumenge 16 ser\u00e0 la primera de les jornades gratu\u00eftes: El Jard\u00ed del MuBoma. A les 11:30 h. hi haur\u00e0 una visita guiada i en finalitzar la mateixa es far\u00e0 un taller de &#8220;Mini jardineria&#8221; perqu\u00e8 els participants m\u00e9s joves se&#8217;n porten una planteta a casa.<\/p>\n<p><br data-start=\"555\" data-end=\"558\" \/>El diumenge 30 ser\u00e0 la segona de les jornades gratu\u00eftes: Un museu entre muntanyes. De nou, a les 11:30 h. es realitzar\u00e0 una visita parcial i introduct\u00f2ria al museu i al seu entorn. A continuaci\u00f3, farem una passejada senzilla pel passeig fluvial al costat del museu per a recollir algunes mostres de plantes per a realitzar-hi un herbari. Aquesta activitat est\u00e0 subjecta a les condicions meteorol\u00f2giques i es podr\u00e0 modificar.<\/p>\n<p><br data-start=\"982\" data-end=\"985\" \/>Tamb\u00e9 els dissabtes de mar\u00e7 a les 12 h. us oferim les visites guiades per con\u00e9ixer el museu amb m\u00e9s profunditat amb la tarifa ordin\u00e0ria del museu.<br data-start=\"1131\" data-end=\"1134\" \/>Per a totes aquestes activitats, la inscripci\u00f3 \u00e9s obligat\u00f2ria amb un m\u00ednim de 48 hores d&#8217;antelaci\u00f3 al tel\u00e8fon 965544418 o a trav\u00e9s del correu electr\u00f2nic <a rel=\"noopener\" data-start=\"1287\" data-end=\"1305\">visitas@muboma.com<\/a>.<\/p>\n<p><br data-start=\"1306\" data-end=\"1309\" \/>Per \u00faltim, us recordem que el dia 19 de mar\u00e7, com \u00e9s festiu, l&#8217;horari del muBoma ser\u00e0 de 11 a 14 hores.<\/p>\n<p>Us esperem al MuBoma!<\/p>\n<p><img decoding=\"async\" class=\"aligncenter size-full wp-image-3722 lazyload\" data-src=\"https:\/\/muboma.com\/wp-content\/uploads\/02.-Marzo-puertas-abiertas-2.jpg\" alt=\"\" width=\"1414\" height=\"2000\" data-srcset=\"https:\/\/muboma.com\/wp-content\/uploads\/02.-Marzo-puertas-abiertas-2.jpg 1414w, https:\/\/muboma.com\/wp-content\/uploads\/02.-Marzo-puertas-abiertas-2-1280x1810.jpg 1280w, https:\/\/muboma.com\/wp-content\/uploads\/02.-Marzo-puertas-abiertas-2-980x1386.jpg 980w, https:\/\/muboma.com\/wp-content\/uploads\/02.-Marzo-puertas-abiertas-2-480x679.jpg 480w\" data-sizes=\"(min-width: 0px) and (max-width: 480px) 480px, (min-width: 481px) and (max-width: 980px) 980px, (min-width: 981px) and (max-width: 1280px) 1280px, (min-width: 1281px) 1414px, 100vw\" src=\"data:image\/svg+xml;base64,PHN2ZyB3aWR0aD0iMSIgaGVpZ2h0PSIxIiB4bWxucz0iaHR0cDovL3d3dy53My5vcmcvMjAwMC9zdmciPjwvc3ZnPg==\" style=\"--smush-placeholder-width: 1414px; --smush-placeholder-aspect-ratio: 1414\/2000;\" \/><\/p>\n<p>&nbsp;<\/p>\n","protected":false},"excerpt":{"rendered":"<p>Portes obertes mar\u00e7 El mes de mar\u00e7 est\u00e0 ple d&#8217;activitats al Museu del Consorci Provincial de Bombers. Per a comen\u00e7ar, el muBoma us presenta dues jornades de portes obertes en qu\u00e8 podreu con\u00e9ixer el museu i passar-ho molt b\u00e9 en fam\u00edlia. Seguint amb la tem\u00e0tica dels quatre elements, aquest mes s&#8217;ha dedicat a la terra. [&hellip;]<\/p>\n","protected":false},"author":2,"featured_media":3722,"comment_status":"closed","ping_status":"open","sticky":false,"template":"","format":"standard","meta":{"_et_pb_use_builder":"","_et_pb_old_content":"","_et_gb_content_width":"","footnotes":""},"categories":[21,25],"tags":[],"class_list":["post-3708","post","type-post","status-publish","format-standard","has-post-thumbnail","hentry","category-activitats","category-noticies-ca"],"yoast_head":"<!-- This site is optimized with the Yoast SEO plugin v24.1 - https:\/\/yoast.com\/wordpress\/plugins\/seo\/ -->\n<title>Portes obertes mar\u00e7<\/title>\n<meta name=\"robots\" content=\"index, follow, max-snippet:-1, max-image-preview:large, max-video-preview:-1\" \/>\n<link rel=\"canonical\" href=\"https:\/\/muboma.com\/ca\/portes-obertes-febrer\/\" \/>\n<meta property=\"og:locale\" content=\"ca_ES\" \/>\n<meta property=\"og:type\" content=\"article\" \/>\n<meta property=\"og:title\" content=\"Portes obertes mar\u00e7\" \/>\n<meta property=\"og:description\" content=\"Portes obertes mar\u00e7 El mes de mar\u00e7 est\u00e0 ple d&#8217;activitats al Museu del Consorci Provincial de Bombers. Per a comen\u00e7ar, el muBoma us presenta dues jornades de portes obertes en qu\u00e8 podreu con\u00e9ixer el museu i passar-ho molt b\u00e9 en fam\u00edlia. Seguint amb la tem\u00e0tica dels quatre elements, aquest mes s&#8217;ha dedicat a la terra. [&hellip;]\" \/>\n<meta property=\"og:url\" content=\"https:\/\/muboma.com\/ca\/portes-obertes-febrer\/\" \/>\n<meta property=\"og:site_name\" content=\"MUBOMA\" \/>\n<meta property=\"article:publisher\" content=\"https:\/\/www.facebook.com\/MUBOMA\/\" \/>\n<meta property=\"article:published_time\" content=\"2025-03-05T12:15:14+00:00\" \/>\n<meta property=\"article:modified_time\" content=\"2025-03-05T12:32:38+00:00\" \/>\n<meta property=\"og:image\" content=\"https:\/\/muboma.com\/wp-content\/uploads\/02.-Marzo-puertas-abiertas-2.jpg\" \/>\n\t<meta property=\"og:image:width\" content=\"1414\" \/>\n\t<meta property=\"og:image:height\" content=\"2000\" \/>\n\t<meta property=\"og:image:type\" content=\"image\/jpeg\" \/>\n<meta name=\"author\" content=\"Museo Muboma\" \/>\n<meta name=\"twitter:card\" content=\"summary_large_image\" \/>\n<meta name=\"twitter:creator\" content=\"@MUBOMA\" \/>\n<meta name=\"twitter:site\" content=\"@MUBOMA\" \/>\n<meta name=\"twitter:label1\" content=\"Escrit per\" \/>\n\t<meta name=\"twitter:data1\" content=\"Museo Muboma\" \/>\n\t<meta name=\"twitter:label2\" content=\"Temps estimat de lectura\" \/>\n\t<meta name=\"twitter:data2\" content=\"2 minuts\" \/>\n<script type=\"application\/ld+json\" class=\"yoast-schema-graph\">{\"@context\":\"https:\/\/schema.org\",\"@graph\":[{\"@type\":\"Article\",\"@id\":\"https:\/\/muboma.com\/ca\/portes-obertes-febrer\/#article\",\"isPartOf\":{\"@id\":\"https:\/\/muboma.com\/ca\/portes-obertes-febrer\/\"},\"author\":{\"name\":\"Museo Muboma\",\"@id\":\"https:\/\/muboma.com\/#\/schema\/person\/1d229d25d574aaf155e912df6511531d\"},\"headline\":\"Portes obertes mar\u00e7\",\"datePublished\":\"2025-03-05T12:15:14+00:00\",\"dateModified\":\"2025-03-05T12:32:38+00:00\",\"mainEntityOfPage\":{\"@id\":\"https:\/\/muboma.com\/ca\/portes-obertes-febrer\/\"},\"wordCount\":263,\"publisher\":{\"@id\":\"https:\/\/muboma.com\/#organization\"},\"image\":{\"@id\":\"https:\/\/muboma.com\/ca\/portes-obertes-febrer\/#primaryimage\"},\"thumbnailUrl\":\"https:\/\/muboma.com\/wp-content\/uploads\/02.-Marzo-puertas-abiertas-2.jpg\",\"articleSection\":[\"Activitats\",\"Not\u00edcies\"],\"inLanguage\":\"ca\"},{\"@type\":\"WebPage\",\"@id\":\"https:\/\/muboma.com\/ca\/portes-obertes-febrer\/\",\"url\":\"https:\/\/muboma.com\/ca\/portes-obertes-febrer\/\",\"name\":\"Portes obertes mar\u00e7\",\"isPartOf\":{\"@id\":\"https:\/\/muboma.com\/#website\"},\"primaryImageOfPage\":{\"@id\":\"https:\/\/muboma.com\/ca\/portes-obertes-febrer\/#primaryimage\"},\"image\":{\"@id\":\"https:\/\/muboma.com\/ca\/portes-obertes-febrer\/#primaryimage\"},\"thumbnailUrl\":\"https:\/\/muboma.com\/wp-content\/uploads\/02.-Marzo-puertas-abiertas-2.jpg\",\"datePublished\":\"2025-03-05T12:15:14+00:00\",\"dateModified\":\"2025-03-05T12:32:38+00:00\",\"breadcrumb\":{\"@id\":\"https:\/\/muboma.com\/ca\/portes-obertes-febrer\/#breadcrumb\"},\"inLanguage\":\"ca\",\"potentialAction\":[{\"@type\":\"ReadAction\",\"target\":[\"https:\/\/muboma.com\/ca\/portes-obertes-febrer\/\"]}]},{\"@type\":\"ImageObject\",\"inLanguage\":\"ca\",\"@id\":\"https:\/\/muboma.com\/ca\/portes-obertes-febrer\/#primaryimage\",\"url\":\"https:\/\/muboma.com\/wp-content\/uploads\/02.-Marzo-puertas-abiertas-2.jpg\",\"contentUrl\":\"https:\/\/muboma.com\/wp-content\/uploads\/02.-Marzo-puertas-abiertas-2.jpg\",\"width\":1414,\"height\":2000},{\"@type\":\"BreadcrumbList\",\"@id\":\"https:\/\/muboma.com\/ca\/portes-obertes-febrer\/#breadcrumb\",\"itemListElement\":[{\"@type\":\"ListItem\",\"position\":1,\"name\":\"Portada\",\"item\":\"https:\/\/muboma.com\/ca\/\"},{\"@type\":\"ListItem\",\"position\":2,\"name\":\"Portes obertes mar\u00e7\"}]},{\"@type\":\"WebSite\",\"@id\":\"https:\/\/muboma.com\/#website\",\"url\":\"https:\/\/muboma.com\/\",\"name\":\"MUBOMA\",\"description\":\"Museo de Bomberos del Consorcio Provincial de Alicante\",\"publisher\":{\"@id\":\"https:\/\/muboma.com\/#organization\"},\"potentialAction\":[{\"@type\":\"SearchAction\",\"target\":{\"@type\":\"EntryPoint\",\"urlTemplate\":\"https:\/\/muboma.com\/?s={search_term_string}\"},\"query-input\":{\"@type\":\"PropertyValueSpecification\",\"valueRequired\":true,\"valueName\":\"search_term_string\"}}],\"inLanguage\":\"ca\"},{\"@type\":\"Organization\",\"@id\":\"https:\/\/muboma.com\/#organization\",\"name\":\"MUBOMA\",\"url\":\"https:\/\/muboma.com\/\",\"logo\":{\"@type\":\"ImageObject\",\"inLanguage\":\"ca\",\"@id\":\"https:\/\/muboma.com\/#\/schema\/logo\/image\/\",\"url\":\"https:\/\/muboma.com\/wp-content\/uploads\/logo-muboma-1.png\",\"contentUrl\":\"https:\/\/muboma.com\/wp-content\/uploads\/logo-muboma-1.png\",\"width\":197,\"height\":48,\"caption\":\"MUBOMA\"},\"image\":{\"@id\":\"https:\/\/muboma.com\/#\/schema\/logo\/image\/\"},\"sameAs\":[\"https:\/\/www.facebook.com\/MUBOMA\/\",\"https:\/\/x.com\/MUBOMA\",\"https:\/\/www.instagram.com\/muboma_museo_bomberos\/\",\"https:\/\/www.youtube.com\/user\/MuseoMuboma\"]},{\"@type\":\"Person\",\"@id\":\"https:\/\/muboma.com\/#\/schema\/person\/1d229d25d574aaf155e912df6511531d\",\"name\":\"Museo Muboma\",\"image\":{\"@type\":\"ImageObject\",\"inLanguage\":\"ca\",\"@id\":\"https:\/\/muboma.com\/#\/schema\/person\/image\/\",\"url\":\"https:\/\/secure.gravatar.com\/avatar\/2d3d929d78d35e368787118e6e84d150?s=96&d=mm&r=g\",\"contentUrl\":\"https:\/\/secure.gravatar.com\/avatar\/2d3d929d78d35e368787118e6e84d150?s=96&d=mm&r=g\",\"caption\":\"Museo Muboma\"},\"url\":\"https:\/\/muboma.com\/ca\/author\/abel\/\"}]}<\/script>\n<!-- \/ Yoast SEO plugin. -->","yoast_head_json":{"title":"Portes obertes mar\u00e7","robots":{"index":"index","follow":"follow","max-snippet":"max-snippet:-1","max-image-preview":"max-image-preview:large","max-video-preview":"max-video-preview:-1"},"canonical":"https:\/\/muboma.com\/ca\/portes-obertes-febrer\/","og_locale":"ca_ES","og_type":"article","og_title":"Portes obertes mar\u00e7","og_description":"Portes obertes mar\u00e7 El mes de mar\u00e7 est\u00e0 ple d&#8217;activitats al Museu del Consorci Provincial de Bombers. Per a comen\u00e7ar, el muBoma us presenta dues jornades de portes obertes en qu\u00e8 podreu con\u00e9ixer el museu i passar-ho molt b\u00e9 en fam\u00edlia. Seguint amb la tem\u00e0tica dels quatre elements, aquest mes s&#8217;ha dedicat a la terra. [&hellip;]","og_url":"https:\/\/muboma.com\/ca\/portes-obertes-febrer\/","og_site_name":"MUBOMA","article_publisher":"https:\/\/www.facebook.com\/MUBOMA\/","article_published_time":"2025-03-05T12:15:14+00:00","article_modified_time":"2025-03-05T12:32:38+00:00","og_image":[{"width":1414,"height":2000,"url":"https:\/\/muboma.com\/wp-content\/uploads\/02.-Marzo-puertas-abiertas-2.jpg","type":"image\/jpeg"}],"author":"Museo Muboma","twitter_card":"summary_large_image","twitter_creator":"@MUBOMA","twitter_site":"@MUBOMA","twitter_misc":{"Escrit per":"Museo Muboma","Temps estimat de lectura":"2 minuts"},"schema":{"@context":"https:\/\/schema.org","@graph":[{"@type":"Article","@id":"https:\/\/muboma.com\/ca\/portes-obertes-febrer\/#article","isPartOf":{"@id":"https:\/\/muboma.com\/ca\/portes-obertes-febrer\/"},"author":{"name":"Museo Muboma","@id":"https:\/\/muboma.com\/#\/schema\/person\/1d229d25d574aaf155e912df6511531d"},"headline":"Portes obertes mar\u00e7","datePublished":"2025-03-05T12:15:14+00:00","dateModified":"2025-03-05T12:32:38+00:00","mainEntityOfPage":{"@id":"https:\/\/muboma.com\/ca\/portes-obertes-febrer\/"},"wordCount":263,"publisher":{"@id":"https:\/\/muboma.com\/#organization"},"image":{"@id":"https:\/\/muboma.com\/ca\/portes-obertes-febrer\/#primaryimage"},"thumbnailUrl":"https:\/\/muboma.com\/wp-content\/uploads\/02.-Marzo-puertas-abiertas-2.jpg","articleSection":["Activitats","Not\u00edcies"],"inLanguage":"ca"},{"@type":"WebPage","@id":"https:\/\/muboma.com\/ca\/portes-obertes-febrer\/","url":"https:\/\/muboma.com\/ca\/portes-obertes-febrer\/","name":"Portes obertes mar\u00e7","isPartOf":{"@id":"https:\/\/muboma.com\/#website"},"primaryImageOfPage":{"@id":"https:\/\/muboma.com\/ca\/portes-obertes-febrer\/#primaryimage"},"image":{"@id":"https:\/\/muboma.com\/ca\/portes-obertes-febrer\/#primaryimage"},"thumbnailUrl":"https:\/\/muboma.com\/wp-content\/uploads\/02.-Marzo-puertas-abiertas-2.jpg","datePublished":"2025-03-05T12:15:14+00:00","dateModified":"2025-03-05T12:32:38+00:00","breadcrumb":{"@id":"https:\/\/muboma.com\/ca\/portes-obertes-febrer\/#breadcrumb"},"inLanguage":"ca","potentialAction":[{"@type":"ReadAction","target":["https:\/\/muboma.com\/ca\/portes-obertes-febrer\/"]}]},{"@type":"ImageObject","inLanguage":"ca","@id":"https:\/\/muboma.com\/ca\/portes-obertes-febrer\/#primaryimage","url":"https:\/\/muboma.com\/wp-content\/uploads\/02.-Marzo-puertas-abiertas-2.jpg","contentUrl":"https:\/\/muboma.com\/wp-content\/uploads\/02.-Marzo-puertas-abiertas-2.jpg","width":1414,"height":2000},{"@type":"BreadcrumbList","@id":"https:\/\/muboma.com\/ca\/portes-obertes-febrer\/#breadcrumb","itemListElement":[{"@type":"ListItem","position":1,"name":"Portada","item":"https:\/\/muboma.com\/ca\/"},{"@type":"ListItem","position":2,"name":"Portes obertes mar\u00e7"}]},{"@type":"WebSite","@id":"https:\/\/muboma.com\/#website","url":"https:\/\/muboma.com\/","name":"MUBOMA","description":"Museo de Bomberos del Consorcio Provincial de Alicante","publisher":{"@id":"https:\/\/muboma.com\/#organization"},"potentialAction":[{"@type":"SearchAction","target":{"@type":"EntryPoint","urlTemplate":"https:\/\/muboma.com\/?s={search_term_string}"},"query-input":{"@type":"PropertyValueSpecification","valueRequired":true,"valueName":"search_term_string"}}],"inLanguage":"ca"},{"@type":"Organization","@id":"https:\/\/muboma.com\/#organization","name":"MUBOMA","url":"https:\/\/muboma.com\/","logo":{"@type":"ImageObject","inLanguage":"ca","@id":"https:\/\/muboma.com\/#\/schema\/logo\/image\/","url":"https:\/\/muboma.com\/wp-content\/uploads\/logo-muboma-1.png","contentUrl":"https:\/\/muboma.com\/wp-content\/uploads\/logo-muboma-1.png","width":197,"height":48,"caption":"MUBOMA"},"image":{"@id":"https:\/\/muboma.com\/#\/schema\/logo\/image\/"},"sameAs":["https:\/\/www.facebook.com\/MUBOMA\/","https:\/\/x.com\/MUBOMA","https:\/\/www.instagram.com\/muboma_museo_bomberos\/","https:\/\/www.youtube.com\/user\/MuseoMuboma"]},{"@type":"Person","@id":"https:\/\/muboma.com\/#\/schema\/person\/1d229d25d574aaf155e912df6511531d","name":"Museo Muboma","image":{"@type":"ImageObject","inLanguage":"ca","@id":"https:\/\/muboma.com\/#\/schema\/person\/image\/","url":"https:\/\/secure.gravatar.com\/avatar\/2d3d929d78d35e368787118e6e84d150?s=96&d=mm&r=g","contentUrl":"https:\/\/secure.gravatar.com\/avatar\/2d3d929d78d35e368787118e6e84d150?s=96&d=mm&r=g","caption":"Museo Muboma"},"url":"https:\/\/muboma.com\/ca\/author\/abel\/"}]}},"_links":{"self":[{"href":"https:\/\/muboma.com\/ca\/wp-json\/wp\/v2\/posts\/3708","targetHints":{"allow":["GET"]}}],"collection":[{"href":"https:\/\/muboma.com\/ca\/wp-json\/wp\/v2\/posts"}],"about":[{"href":"https:\/\/muboma.com\/ca\/wp-json\/wp\/v2\/types\/post"}],"author":[{"embeddable":true,"href":"https:\/\/muboma.com\/ca\/wp-json\/wp\/v2\/users\/2"}],"replies":[{"embeddable":true,"href":"https:\/\/muboma.com\/ca\/wp-json\/wp\/v2\/comments?post=3708"}],"version-history":[{"count":4,"href":"https:\/\/muboma.com\/ca\/wp-json\/wp\/v2\/posts\/3708\/revisions"}],"predecessor-version":[{"id":3726,"href":"https:\/\/muboma.com\/ca\/wp-json\/wp\/v2\/posts\/3708\/revisions\/3726"}],"wp:featuredmedia":[{"embeddable":true,"href":"https:\/\/muboma.com\/ca\/wp-json\/wp\/v2\/media\/3722"}],"wp:attachment":[{"href":"https:\/\/muboma.com\/ca\/wp-json\/wp\/v2\/media?parent=3708"}],"wp:term":[{"taxonomy":"category","embeddable":true,"href":"https:\/\/muboma.com\/ca\/wp-json\/wp\/v2\/categories?post=3708"},{"taxonomy":"post_tag","embeddable":true,"href":"https:\/\/muboma.com\/ca\/wp-json\/wp\/v2\/tags?post=3708"}],"curies":[{"name":"wp","href":"https:\/\/api.w.org\/{rel}","templated":true}]}}